{"id":3068,"date":"2021-01-14T10:37:58","date_gmt":"2021-01-14T09:37:58","guid":{"rendered":"https:\/\/www.briantes.fr\/?p=3068"},"modified":"2021-03-05T10:19:08","modified_gmt":"2021-03-05T09:19:08","slug":"permanence-pour-les-bacs-a-ordures-menageres-en-fevrier-2021","status":"publish","type":"post","link":"https:\/\/www.briantes.fr\/index.php\/2021\/01\/14\/permanence-pour-les-bacs-a-ordures-menageres-en-fevrier-2021\/","title":{"rendered":"PERMANENCE POUR LES BACS A ORDURES MENAGERES EN FEVRIER 2021"},"content":{"rendered":"","protected":false},"excerpt":{"rendered":"","protected":false},"author":1,"featured_media":3069,"comment_status":"open","ping_status":"open","sticky":false,"template":"","format":"standard","meta":{"_mi_skip_tracking":false,"_exactmetrics_sitenote_active":false,"_exactmetrics_sitenote_note":"","_exactmetrics_sitenote_category":0,"jetpack_post_was_ever_published":false,"_jetpack_newsletter_access":"","_jetpack_newsletter_tier_id":0,"footnotes":"","jetpack_publicize_message":"","jetpack_is_tweetstorm":false,"jetpack_publicize_feature_enabled":true,"jetpack_social_post_already_shared":true,"jetpack_social_options":{"image_generator_settings":{"template":"highway","enabled":false}}},"categories":[4,5,26],"tags":[],"jetpack_publicize_connections":[],"yoast_head":"<!-- This site is optimized with the Yoast SEO plugin v21.6 - https:\/\/yoast.com\/wordpress\/plugins\/seo\/ -->\n<title>PERMANENCE POUR LES BACS A ORDURES MENAGERES EN FEVRIER 2021 - Ville de Briantes<\/title>\n<meta name=\"robots\" content=\"index, follow, max-snippet:-1, max-image-preview:large, max-video-preview:-1\" \/>\n<link rel=\"canonical\" href=\"https:\/\/www.briantes.fr\/index.php\/2021\/01\/14\/permanence-pour-les-bacs-a-ordures-menageres-en-fevrier-2021\/\" \/>\n<meta property=\"og:locale\" content=\"fr_FR\" \/>\n<meta property=\"og:type\" content=\"article\" \/>\n<meta property=\"og:title\" content=\"PERMANENCE POUR LES BACS A ORDURES MENAGERES EN FEVRIER 2021 - Ville de Briantes\" \/>\n<meta property=\"og:url\" content=\"https:\/\/www.briantes.fr\/index.php\/2021\/01\/14\/permanence-pour-les-bacs-a-ordures-menageres-en-fevrier-2021\/\" \/>\n<meta property=\"og:site_name\" content=\"Ville de Briantes\" \/>\n<meta property=\"article:publisher\" content=\"https:\/\/www.facebook.com\/villebriantes\/\" \/>\n<meta property=\"article:published_time\" content=\"2021-01-14T09:37:58+00:00\" \/>\n<meta property=\"article:modified_time\" content=\"2021-03-05T09:19:08+00:00\" \/>\n<meta property=\"og:image\" content=\"https:\/\/i0.wp.com\/www.briantes.fr\/wp-content\/uploads\/2021\/01\/doc20210114101922_001-scaled.jpg?fit=1810%2C2560&ssl=1\" \/>\n\t<meta property=\"og:image:width\" content=\"1810\" \/>\n\t<meta property=\"og:image:height\" content=\"2560\" \/>\n\t<meta property=\"og:image:type\" content=\"image\/jpeg\" \/>\n<meta name=\"author\" content=\"Admin\" \/>\n<meta name=\"twitter:card\" content=\"summary_large_image\" \/>\n<meta name=\"twitter:label1\" content=\"\u00c9crit par\" \/>\n\t<meta name=\"twitter:data1\" content=\"Admin\" \/>\n<script type=\"application\/ld+json\" class=\"yoast-schema-graph\">{\"@context\":\"https:\/\/schema.org\",\"@graph\":[{\"@type\":\"Article\",\"@id\":\"https:\/\/www.briantes.fr\/index.php\/2021\/01\/14\/permanence-pour-les-bacs-a-ordures-menageres-en-fevrier-2021\/#article\",\"isPartOf\":{\"@id\":\"https:\/\/www.briantes.fr\/index.php\/2021\/01\/14\/permanence-pour-les-bacs-a-ordures-menageres-en-fevrier-2021\/\"},\"author\":{\"name\":\"Admin\",\"@id\":\"https:\/\/www.briantes.fr\/#\/schema\/person\/ae2ef164155ec763bf43acb3c7f6b260\"},\"headline\":\"PERMANENCE POUR LES BACS A ORDURES MENAGERES EN FEVRIER 2021\",\"datePublished\":\"2021-01-14T09:37:58+00:00\",\"dateModified\":\"2021-03-05T09:19:08+00:00\",\"mainEntityOfPage\":{\"@id\":\"https:\/\/www.briantes.fr\/index.php\/2021\/01\/14\/permanence-pour-les-bacs-a-ordures-menageres-en-fevrier-2021\/\"},\"wordCount\":9,\"commentCount\":1,\"publisher\":{\"@id\":\"https:\/\/www.briantes.fr\/#organization\"},\"articleSection\":[\"Actualit\u00e9s\",\"Au quotidien\",\"Environnement\"],\"inLanguage\":\"fr-FR\",\"potentialAction\":[{\"@type\":\"CommentAction\",\"name\":\"Comment\",\"target\":[\"https:\/\/www.briantes.fr\/index.php\/2021\/01\/14\/permanence-pour-les-bacs-a-ordures-menageres-en-fevrier-2021\/#respond\"]}]},{\"@type\":\"WebPage\",\"@id\":\"https:\/\/www.briantes.fr\/index.php\/2021\/01\/14\/permanence-pour-les-bacs-a-ordures-menageres-en-fevrier-2021\/\",\"url\":\"https:\/\/www.briantes.fr\/index.php\/2021\/01\/14\/permanence-pour-les-bacs-a-ordures-menageres-en-fevrier-2021\/\",\"name\":\"PERMANENCE POUR LES BACS A ORDURES MENAGERES EN FEVRIER 2021 - Ville de Briantes\",\"isPartOf\":{\"@id\":\"https:\/\/www.briantes.fr\/#website\"},\"datePublished\":\"2021-01-14T09:37:58+00:00\",\"dateModified\":\"2021-03-05T09:19:08+00:00\",\"breadcrumb\":{\"@id\":\"https:\/\/www.briantes.fr\/index.php\/2021\/01\/14\/permanence-pour-les-bacs-a-ordures-menageres-en-fevrier-2021\/#breadcrumb\"},\"inLanguage\":\"fr-FR\",\"potentialAction\":[{\"@type\":\"ReadAction\",\"target\":[\"https:\/\/www.briantes.fr\/index.php\/2021\/01\/14\/permanence-pour-les-bacs-a-ordures-menageres-en-fevrier-2021\/\"]}]},{\"@type\":\"BreadcrumbList\",\"@id\":\"https:\/\/www.briantes.fr\/index.php\/2021\/01\/14\/permanence-pour-les-bacs-a-ordures-menageres-en-fevrier-2021\/#breadcrumb\",\"itemListElement\":[{\"@type\":\"ListItem\",\"position\":1,\"name\":\"Accueil\",\"item\":\"https:\/\/www.briantes.fr\/\"},{\"@type\":\"ListItem\",\"position\":2,\"name\":\"PERMANENCE POUR LES BACS A ORDURES MENAGERES EN FEVRIER 2021\"}]},{\"@type\":\"WebSite\",\"@id\":\"https:\/\/www.briantes.fr\/#website\",\"url\":\"https:\/\/www.briantes.fr\/\",\"name\":\"Ville de Briantes\",\"description\":\"Site officiel\",\"publisher\":{\"@id\":\"https:\/\/www.briantes.fr\/#organization\"},\"potentialAction\":[{\"@type\":\"SearchAction\",\"target\":{\"@type\":\"EntryPoint\",\"urlTemplate\":\"https:\/\/www.briantes.fr\/?s={search_term_string}\"},\"query-input\":\"required name=search_term_string\"}],\"inLanguage\":\"fr-FR\"},{\"@type\":\"Organization\",\"@id\":\"https:\/\/www.briantes.fr\/#organization\",\"name\":\"Mairie de Briantes\",\"url\":\"https:\/\/www.briantes.fr\/\",\"logo\":{\"@type\":\"ImageObject\",\"inLanguage\":\"fr-FR\",\"@id\":\"https:\/\/www.briantes.fr\/#\/schema\/logo\/image\/\",\"url\":\"https:\/\/i0.wp.com\/www.briantes.fr\/wp-content\/uploads\/2019\/01\/Logo-briantes-mini-sd.jpg?fit=200%2C48&ssl=1\",\"contentUrl\":\"https:\/\/i0.wp.com\/www.briantes.fr\/wp-content\/uploads\/2019\/01\/Logo-briantes-mini-sd.jpg?fit=200%2C48&ssl=1\",\"width\":200,\"height\":48,\"caption\":\"Mairie de Briantes\"},\"image\":{\"@id\":\"https:\/\/www.briantes.fr\/#\/schema\/logo\/image\/\"},\"sameAs\":[\"https:\/\/www.facebook.com\/villebriantes\/\"]},{\"@type\":\"Person\",\"@id\":\"https:\/\/www.briantes.fr\/#\/schema\/person\/ae2ef164155ec763bf43acb3c7f6b260\",\"name\":\"Admin\"}]}<\/script>\n<!-- \/ Yoast SEO plugin. -->","yoast_head_json":{"title":"PERMANENCE POUR LES BACS A ORDURES MENAGERES EN FEVRIER 2021 - Ville de Briantes","robots":{"index":"index","follow":"follow","max-snippet":"max-snippet:-1","max-image-preview":"max-image-preview:large","max-video-preview":"max-video-preview:-1"},"canonical":"https:\/\/www.briantes.fr\/index.php\/2021\/01\/14\/permanence-pour-les-bacs-a-ordures-menageres-en-fevrier-2021\/","og_locale":"fr_FR","og_type":"article","og_title":"PERMANENCE POUR LES BACS A ORDURES MENAGERES EN FEVRIER 2021 - Ville de Briantes","og_url":"https:\/\/www.briantes.fr\/index.php\/2021\/01\/14\/permanence-pour-les-bacs-a-ordures-menageres-en-fevrier-2021\/","og_site_name":"Ville de Briantes","article_publisher":"https:\/\/www.facebook.com\/villebriantes\/","article_published_time":"2021-01-14T09:37:58+00:00","article_modified_time":"2021-03-05T09:19:08+00:00","og_image":[{"width":1810,"height":2560,"url":"https:\/\/i0.wp.com\/www.briantes.fr\/wp-content\/uploads\/2021\/01\/doc20210114101922_001-scaled.jpg?fit=1810%2C2560&ssl=1","type":"image\/jpeg"}],"author":"Admin","twitter_card":"summary_large_image","twitter_misc":{"\u00c9crit par":"Admin"},"schema":{"@context":"https:\/\/schema.org","@graph":[{"@type":"Article","@id":"https:\/\/www.briantes.fr\/index.php\/2021\/01\/14\/permanence-pour-les-bacs-a-ordures-menageres-en-fevrier-2021\/#article","isPartOf":{"@id":"https:\/\/www.briantes.fr\/index.php\/2021\/01\/14\/permanence-pour-les-bacs-a-ordures-menageres-en-fevrier-2021\/"},"author":{"name":"Admin","@id":"https:\/\/www.briantes.fr\/#\/schema\/person\/ae2ef164155ec763bf43acb3c7f6b260"},"headline":"PERMANENCE POUR LES BACS A ORDURES MENAGERES EN FEVRIER 2021","datePublished":"2021-01-14T09:37:58+00:00","dateModified":"2021-03-05T09:19:08+00:00","mainEntityOfPage":{"@id":"https:\/\/www.briantes.fr\/index.php\/2021\/01\/14\/permanence-pour-les-bacs-a-ordures-menageres-en-fevrier-2021\/"},"wordCount":9,"commentCount":1,"publisher":{"@id":"https:\/\/www.briantes.fr\/#organization"},"articleSection":["Actualit\u00e9s","Au quotidien","Environnement"],"inLanguage":"fr-FR","potentialAction":[{"@type":"CommentAction","name":"Comment","target":["https:\/\/www.briantes.fr\/index.php\/2021\/01\/14\/permanence-pour-les-bacs-a-ordures-menageres-en-fevrier-2021\/#respond"]}]},{"@type":"WebPage","@id":"https:\/\/www.briantes.fr\/index.php\/2021\/01\/14\/permanence-pour-les-bacs-a-ordures-menageres-en-fevrier-2021\/","url":"https:\/\/www.briantes.fr\/index.php\/2021\/01\/14\/permanence-pour-les-bacs-a-ordures-menageres-en-fevrier-2021\/","name":"PERMANENCE POUR LES BACS A ORDURES MENAGERES EN FEVRIER 2021 - Ville de Briantes","isPartOf":{"@id":"https:\/\/www.briantes.fr\/#website"},"datePublished":"2021-01-14T09:37:58+00:00","dateModified":"2021-03-05T09:19:08+00:00","breadcrumb":{"@id":"https:\/\/www.briantes.fr\/index.php\/2021\/01\/14\/permanence-pour-les-bacs-a-ordures-menageres-en-fevrier-2021\/#breadcrumb"},"inLanguage":"fr-FR","potentialAction":[{"@type":"ReadAction","target":["https:\/\/www.briantes.fr\/index.php\/2021\/01\/14\/permanence-pour-les-bacs-a-ordures-menageres-en-fevrier-2021\/"]}]},{"@type":"BreadcrumbList","@id":"https:\/\/www.briantes.fr\/index.php\/2021\/01\/14\/permanence-pour-les-bacs-a-ordures-menageres-en-fevrier-2021\/#breadcrumb","itemListElement":[{"@type":"ListItem","position":1,"name":"Accueil","item":"https:\/\/www.briantes.fr\/"},{"@type":"ListItem","position":2,"name":"PERMANENCE POUR LES BACS A ORDURES MENAGERES EN FEVRIER 2021"}]},{"@type":"WebSite","@id":"https:\/\/www.briantes.fr\/#website","url":"https:\/\/www.briantes.fr\/","name":"Ville de Briantes","description":"Site officiel","publisher":{"@id":"https:\/\/www.briantes.fr\/#organization"},"potentialAction":[{"@type":"SearchAction","target":{"@type":"EntryPoint","urlTemplate":"https:\/\/www.briantes.fr\/?s={search_term_string}"},"query-input":"required name=search_term_string"}],"inLanguage":"fr-FR"},{"@type":"Organization","@id":"https:\/\/www.briantes.fr\/#organization","name":"Mairie de Briantes","url":"https:\/\/www.briantes.fr\/","logo":{"@type":"ImageObject","inLanguage":"fr-FR","@id":"https:\/\/www.briantes.fr\/#\/schema\/logo\/image\/","url":"https:\/\/i0.wp.com\/www.briantes.fr\/wp-content\/uploads\/2019\/01\/Logo-briantes-mini-sd.jpg?fit=200%2C48&ssl=1","contentUrl":"https:\/\/i0.wp.com\/www.briantes.fr\/wp-content\/uploads\/2019\/01\/Logo-briantes-mini-sd.jpg?fit=200%2C48&ssl=1","width":200,"height":48,"caption":"Mairie de Briantes"},"image":{"@id":"https:\/\/www.briantes.fr\/#\/schema\/logo\/image\/"},"sameAs":["https:\/\/www.facebook.com\/villebriantes\/"]},{"@type":"Person","@id":"https:\/\/www.briantes.fr\/#\/schema\/person\/ae2ef164155ec763bf43acb3c7f6b260","name":"Admin"}]}},"jetpack_featured_media_url":"https:\/\/i0.wp.com\/www.briantes.fr\/wp-content\/uploads\/2021\/01\/doc20210114101922_001-scaled.jpg?fit=1810%2C2560&ssl=1","jetpack_sharing_enabled":true,"jetpack_shortlink":"https:\/\/wp.me\/p9GCCX-Nu","jetpack_likes_enabled":true,"jetpack-related-posts":[{"id":3081,"url":"https:\/\/www.briantes.fr\/index.php\/2021\/02\/19\/permanence-pour-retrait-des-bacs-ordures\/","url_meta":{"origin":3068,"position":0},"title":"PERMANENCE pour retrait des BACS ORDURES","author":"Admin","date":"19 f\u00e9vrier 2021","format":false,"excerpt":"doc20210219155428_001.pdf","rel":"","context":"Dans &quot;Au quotidien&quot;","block_context":{"text":"Au quotidien","link":"https:\/\/www.briantes.fr\/index.php\/category\/au-quotidien\/"},"img":{"alt_text":"","src":"https:\/\/i0.wp.com\/www.briantes.fr\/wp-content\/uploads\/2018\/05\/Blog-de-Briantes-1.jpeg?fit=640%2C400&ssl=1&resize=350%2C200","width":350,"height":200,"srcset":"https:\/\/i0.wp.com\/www.briantes.fr\/wp-content\/uploads\/2018\/05\/Blog-de-Briantes-1.jpeg?fit=640%2C400&ssl=1&resize=350%2C200 1x, https:\/\/i0.wp.com\/www.briantes.fr\/wp-content\/uploads\/2018\/05\/Blog-de-Briantes-1.jpeg?fit=640%2C400&ssl=1&resize=525%2C300 1.5x"},"classes":[]},{"id":3358,"url":"https:\/\/www.briantes.fr\/index.php\/2022\/09\/19\/le-nouveau-calendrier-de-collecte-des-ordures-menageres-et-de-tri-et-les-nouvelles-consignes-de-tri-a-compter-du-1er-octobre-sont-disponibles-en-mairie\/","url_meta":{"origin":3068,"position":1},"title":"Le nouveau calendrier de collecte des ordures m\u00e9nag\u00e8res et de tri, et les nouvelles consignes de tri, \u00e0 compter du 1er octobre, sont\u00a0 disponibles en mairie!!","author":"Admin","date":"19 septembre 2022","format":false,"excerpt":"","rel":"","context":"Dans &quot;Actualit\u00e9s&quot;","block_context":{"text":"Actualit\u00e9s","link":"https:\/\/www.briantes.fr\/index.php\/category\/actualites\/"},"img":{"alt_text":"","src":"https:\/\/i0.wp.com\/www.briantes.fr\/wp-content\/uploads\/2022\/09\/calendrier-tri-scaled.jpg?fit=1200%2C848&ssl=1&resize=350%2C200","width":350,"height":200,"srcset":"https:\/\/i0.wp.com\/www.briantes.fr\/wp-content\/uploads\/2022\/09\/calendrier-tri-scaled.jpg?fit=1200%2C848&ssl=1&resize=350%2C200 1x, https:\/\/i0.wp.com\/www.briantes.fr\/wp-content\/uploads\/2022\/09\/calendrier-tri-scaled.jpg?fit=1200%2C848&ssl=1&resize=525%2C300 1.5x, https:\/\/i0.wp.com\/www.briantes.fr\/wp-content\/uploads\/2022\/09\/calendrier-tri-scaled.jpg?fit=1200%2C848&ssl=1&resize=700%2C400 2x, https:\/\/i0.wp.com\/www.briantes.fr\/wp-content\/uploads\/2022\/09\/calendrier-tri-scaled.jpg?fit=1200%2C848&ssl=1&resize=1050%2C600 3x"},"classes":[]},{"id":3007,"url":"https:\/\/www.briantes.fr\/index.php\/2020\/10\/01\/un-potager-et-des-poules-a-lecole-vincent-rotinat\/","url_meta":{"origin":3068,"position":2},"title":"Un potager et des poules \u00e0 l&rsquo;\u00e9cole Vincent Rotinat","author":"Admin","date":"1 octobre 2020","format":false,"excerpt":"M\u00eame si l'ann\u00e9e derni\u00e8re a \u00e9t\u00e9 particuli\u00e8re, les \u00e9l\u00e8ves de l'\u00e9cole Vincent Rotinat ont effectu\u00e9 leur rentr\u00e9e cette ann\u00e9e en retrouvant les poules Berry Cocottes et le potager mis en place par l'\u00e9quipe \u00e9ducative. Notre \u00e9cole prot\u00e8ge la Poule Noire du Berry Dans la continuit\u00e9 de l'enseignement et des activit\u00e9s\u2026","rel":"","context":"Dans &quot;Actualit\u00e9s&quot;","block_context":{"text":"Actualit\u00e9s","link":"https:\/\/www.briantes.fr\/index.php\/category\/actualites\/"},"img":{"alt_text":"","src":"https:\/\/i0.wp.com\/www.briantes.fr\/wp-content\/uploads\/2020\/10\/Potager-\u00e9cole-vincent-rotinat-2.jpg?fit=940%2C788&ssl=1&resize=350%2C200","width":350,"height":200,"srcset":"https:\/\/i0.wp.com\/www.briantes.fr\/wp-content\/uploads\/2020\/10\/Potager-\u00e9cole-vincent-rotinat-2.jpg?fit=940%2C788&ssl=1&resize=350%2C200 1x, https:\/\/i0.wp.com\/www.briantes.fr\/wp-content\/uploads\/2020\/10\/Potager-\u00e9cole-vincent-rotinat-2.jpg?fit=940%2C788&ssl=1&resize=525%2C300 1.5x, https:\/\/i0.wp.com\/www.briantes.fr\/wp-content\/uploads\/2020\/10\/Potager-\u00e9cole-vincent-rotinat-2.jpg?fit=940%2C788&ssl=1&resize=700%2C400 2x"},"classes":[]},{"id":3105,"url":"https:\/\/www.briantes.fr\/index.php\/2021\/03\/01\/toutes-les-dernieres-actualites-en-un-clic\/","url_meta":{"origin":3068,"position":3},"title":"Toutes les derni\u00e8res actualit\u00e9s en un clic","author":"Admin","date":"1 mars 2021","format":false,"excerpt":"Du nouveau en 2021 Votre bulletin municipal 2021 a \u00e9t\u00e9 distribu\u00e9 en bo\u00eete aux lettres, il est \u00e9galement disponible en mairie. En premi\u00e8re de couverture, une belle illustration qui met en valeur la chapelle de Vaudouan. Feuilletez-le \u00e9galement en ligne pour retrouver toute l'actualit\u00e9 de votre commune, les activit\u00e9s des\u2026","rel":"","context":"Dans &quot;Actualit\u00e9s&quot;","block_context":{"text":"Actualit\u00e9s","link":"https:\/\/www.briantes.fr\/index.php\/category\/actualites\/"},"img":{"alt_text":"","src":"https:\/\/i0.wp.com\/www.briantes.fr\/wp-content\/uploads\/2019\/10\/Infos-Mairie-4.jpg?fit=1024%2C768&ssl=1&resize=350%2C200","width":350,"height":200,"srcset":"https:\/\/i0.wp.com\/www.briantes.fr\/wp-content\/uploads\/2019\/10\/Infos-Mairie-4.jpg?fit=1024%2C768&ssl=1&resize=350%2C200 1x, https:\/\/i0.wp.com\/www.briantes.fr\/wp-content\/uploads\/2019\/10\/Infos-Mairie-4.jpg?fit=1024%2C768&ssl=1&resize=525%2C300 1.5x, https:\/\/i0.wp.com\/www.briantes.fr\/wp-content\/uploads\/2019\/10\/Infos-Mairie-4.jpg?fit=1024%2C768&ssl=1&resize=700%2C400 2x"},"classes":[]},{"id":2947,"url":"https:\/\/www.briantes.fr\/index.php\/2020\/05\/25\/informations-collecte-ordures-menageres\/","url_meta":{"origin":3068,"position":4},"title":"INFORMATIONS COLLECTE ORDURES MENAGERES","author":"Admin","date":"25 mai 2020","format":false,"excerpt":"","rel":"","context":"Dans &quot;Environnement&quot;","block_context":{"text":"Environnement","link":"https:\/\/www.briantes.fr\/index.php\/category\/environnement\/"},"img":{"alt_text":"","src":"https:\/\/i0.wp.com\/www.briantes.fr\/wp-content\/uploads\/2020\/05\/doc20200525150250_001-scaled.jpg?fit=848%2C1200&ssl=1&resize=350%2C200","width":350,"height":200,"srcset":"https:\/\/i0.wp.com\/www.briantes.fr\/wp-content\/uploads\/2020\/05\/doc20200525150250_001-scaled.jpg?fit=848%2C1200&ssl=1&resize=350%2C200 1x, https:\/\/i0.wp.com\/www.briantes.fr\/wp-content\/uploads\/2020\/05\/doc20200525150250_001-scaled.jpg?fit=848%2C1200&ssl=1&resize=525%2C300 1.5x, https:\/\/i0.wp.com\/www.briantes.fr\/wp-content\/uploads\/2020\/05\/doc20200525150250_001-scaled.jpg?fit=848%2C1200&ssl=1&resize=700%2C400 2x"},"classes":[]},{"id":2893,"url":"https:\/\/www.briantes.fr\/index.php\/2020\/03\/30\/guide-des-parents-confines\/","url_meta":{"origin":3068,"position":5},"title":"Guide des Parents Confin\u00e9s","author":"Admin","date":"30 mars 2020","format":false,"excerpt":"Un guide pour les parents confin\u00e9s","rel":"","context":"Dans &quot;Actualit\u00e9s&quot;","block_context":{"text":"Actualit\u00e9s","link":"https:\/\/www.briantes.fr\/index.php\/category\/actualites\/"},"img":{"alt_text":"","src":"https:\/\/i0.wp.com\/www.briantes.fr\/wp-content\/uploads\/2020\/03\/Pi\u00e8ce-jointe.png?fit=220%2C264&ssl=1&resize=350%2C200","width":350,"height":200},"classes":[]}],"_links":{"self":[{"href":"https:\/\/www.briantes.fr\/index.php\/wp-json\/wp\/v2\/posts\/3068"}],"collection":[{"href":"https:\/\/www.briantes.fr\/index.php\/wp-json\/wp\/v2\/posts"}],"about":[{"href":"https:\/\/www.briantes.fr\/index.php\/wp-json\/wp\/v2\/types\/post"}],"author":[{"embeddable":true,"href":"https:\/\/www.briantes.fr\/index.php\/wp-json\/wp\/v2\/users\/1"}],"replies":[{"embeddable":true,"href":"https:\/\/www.briantes.fr\/index.php\/wp-json\/wp\/v2\/comments?post=3068"}],"version-history":[{"count":0,"href":"https:\/\/www.briantes.fr\/index.php\/wp-json\/wp\/v2\/posts\/3068\/revisions"}],"wp:featuredmedia":[{"embeddable":true,"href":"https:\/\/www.briantes.fr\/index.php\/wp-json\/wp\/v2\/media\/3069"}],"wp:attachment":[{"href":"https:\/\/www.briantes.fr\/index.php\/wp-json\/wp\/v2\/media?parent=3068"}],"wp:term":[{"taxonomy":"category","embeddable":true,"href":"https:\/\/www.briantes.fr\/index.php\/wp-json\/wp\/v2\/categories?post=3068"},{"taxonomy":"post_tag","embeddable":true,"href":"https:\/\/www.briantes.fr\/index.php\/wp-json\/wp\/v2\/tags?post=3068"}],"curies":[{"name":"wp","href":"https:\/\/api.w.org\/{rel}","templated":true}]}}