{"id":3079,"date":"2021-02-19T15:57:36","date_gmt":"2021-02-19T14:57:36","guid":{"rendered":"https:\/\/www.briantes.fr\/?p=3079"},"modified":"2021-03-05T10:18:57","modified_gmt":"2021-03-05T09:18:57","slug":"avis-de-travaux-delagage-a-compter-du-22-fevrier-2021","status":"publish","type":"post","link":"https:\/\/www.briantes.fr\/index.php\/2021\/02\/19\/avis-de-travaux-delagage-a-compter-du-22-fevrier-2021\/","title":{"rendered":"AVIS DE TRAVAUX D&rsquo;ELAGAGE \u00e0 compter du 22 f\u00e9vrier 2021"},"content":{"rendered":"<div class=\"postie-attachments\"><a href=\"https:\/\/www.briantes.fr\/wp-content\/uploads\/2021\/02\/doc20210219155428_002.pdf\"><img decoding=\"async\" src=\"https:\/\/i0.wp.com\/www.briantes.fr\/wp-content\/plugins\/postie\/icons\/silver\/pdf-32.png?w=800\" alt=\"pdf icon\" data-recalc-dims=\"1\"> doc20210219155428_002.pdf<\/a><\/div>\n","protected":false},"excerpt":{"rendered":"<p>doc20210219155428_002.pdf<\/p>\n","protected":false},"author":1,"featured_media":2853,"comment_status":"open","ping_status":"open","sticky":false,"template":"","format":"standard","meta":{"_mi_skip_tracking":false,"_exactmetrics_sitenote_active":false,"_exactmetrics_sitenote_note":"","_exactmetrics_sitenote_category":0,"jetpack_post_was_ever_published":false,"_jetpack_newsletter_access":"","_jetpack_newsletter_tier_id":0,"footnotes":"","jetpack_publicize_message":"","jetpack_is_tweetstorm":false,"jetpack_publicize_feature_enabled":true,"jetpack_social_post_already_shared":true,"jetpack_social_options":{"image_generator_settings":{"template":"highway","enabled":false}}},"categories":[4,26,6],"tags":[],"jetpack_publicize_connections":[],"yoast_head":"<!-- This site is optimized with the Yoast SEO plugin v21.6 - https:\/\/yoast.com\/wordpress\/plugins\/seo\/ -->\n<title>AVIS DE TRAVAUX D&#039;ELAGAGE \u00e0 compter du 22 f\u00e9vrier 2021 - Ville de Briantes<\/title>\n<meta name=\"robots\" content=\"index, follow, max-snippet:-1, max-image-preview:large, max-video-preview:-1\" \/>\n<link rel=\"canonical\" href=\"https:\/\/www.briantes.fr\/index.php\/2021\/02\/19\/avis-de-travaux-delagage-a-compter-du-22-fevrier-2021\/\" \/>\n<meta property=\"og:locale\" content=\"fr_FR\" \/>\n<meta property=\"og:type\" content=\"article\" \/>\n<meta property=\"og:title\" content=\"AVIS DE TRAVAUX D&#039;ELAGAGE \u00e0 compter du 22 f\u00e9vrier 2021 - Ville de Briantes\" \/>\n<meta property=\"og:description\" content=\"doc20210219155428_002.pdf\" \/>\n<meta property=\"og:url\" content=\"https:\/\/www.briantes.fr\/index.php\/2021\/02\/19\/avis-de-travaux-delagage-a-compter-du-22-fevrier-2021\/\" \/>\n<meta property=\"og:site_name\" content=\"Ville de Briantes\" \/>\n<meta property=\"article:publisher\" content=\"https:\/\/www.facebook.com\/villebriantes\/\" \/>\n<meta property=\"article:published_time\" content=\"2021-02-19T14:57:36+00:00\" \/>\n<meta property=\"article:modified_time\" content=\"2021-03-05T09:18:57+00:00\" \/>\n<meta property=\"og:image\" content=\"https:\/\/i0.wp.com\/www.briantes.fr\/wp-content\/uploads\/2020\/03\/Au-quotidien.001.jpeg?fit=1024%2C768&ssl=1\" \/>\n\t<meta property=\"og:image:width\" content=\"1024\" \/>\n\t<meta property=\"og:image:height\" content=\"768\" \/>\n\t<meta property=\"og:image:type\" content=\"image\/jpeg\" \/>\n<meta name=\"author\" content=\"Admin\" \/>\n<meta name=\"twitter:card\" content=\"summary_large_image\" \/>\n<meta name=\"twitter:label1\" content=\"\u00c9crit par\" \/>\n\t<meta name=\"twitter:data1\" content=\"Admin\" \/>\n<script type=\"application\/ld+json\" class=\"yoast-schema-graph\">{\"@context\":\"https:\/\/schema.org\",\"@graph\":[{\"@type\":\"Article\",\"@id\":\"https:\/\/www.briantes.fr\/index.php\/2021\/02\/19\/avis-de-travaux-delagage-a-compter-du-22-fevrier-2021\/#article\",\"isPartOf\":{\"@id\":\"https:\/\/www.briantes.fr\/index.php\/2021\/02\/19\/avis-de-travaux-delagage-a-compter-du-22-fevrier-2021\/\"},\"author\":{\"name\":\"Admin\",\"@id\":\"https:\/\/www.briantes.fr\/#\/schema\/person\/ae2ef164155ec763bf43acb3c7f6b260\"},\"headline\":\"AVIS DE TRAVAUX D&rsquo;ELAGAGE \u00e0 compter du 22 f\u00e9vrier 2021\",\"datePublished\":\"2021-02-19T14:57:36+00:00\",\"dateModified\":\"2021-03-05T09:18:57+00:00\",\"mainEntityOfPage\":{\"@id\":\"https:\/\/www.briantes.fr\/index.php\/2021\/02\/19\/avis-de-travaux-delagage-a-compter-du-22-fevrier-2021\/\"},\"wordCount\":11,\"commentCount\":0,\"publisher\":{\"@id\":\"https:\/\/www.briantes.fr\/#organization\"},\"articleSection\":[\"Actualit\u00e9s\",\"Environnement\",\"Urgent\"],\"inLanguage\":\"fr-FR\",\"potentialAction\":[{\"@type\":\"CommentAction\",\"name\":\"Comment\",\"target\":[\"https:\/\/www.briantes.fr\/index.php\/2021\/02\/19\/avis-de-travaux-delagage-a-compter-du-22-fevrier-2021\/#respond\"]}]},{\"@type\":\"WebPage\",\"@id\":\"https:\/\/www.briantes.fr\/index.php\/2021\/02\/19\/avis-de-travaux-delagage-a-compter-du-22-fevrier-2021\/\",\"url\":\"https:\/\/www.briantes.fr\/index.php\/2021\/02\/19\/avis-de-travaux-delagage-a-compter-du-22-fevrier-2021\/\",\"name\":\"AVIS DE TRAVAUX D'ELAGAGE \u00e0 compter du 22 f\u00e9vrier 2021 - Ville de Briantes\",\"isPartOf\":{\"@id\":\"https:\/\/www.briantes.fr\/#website\"},\"datePublished\":\"2021-02-19T14:57:36+00:00\",\"dateModified\":\"2021-03-05T09:18:57+00:00\",\"breadcrumb\":{\"@id\":\"https:\/\/www.briantes.fr\/index.php\/2021\/02\/19\/avis-de-travaux-delagage-a-compter-du-22-fevrier-2021\/#breadcrumb\"},\"inLanguage\":\"fr-FR\",\"potentialAction\":[{\"@type\":\"ReadAction\",\"target\":[\"https:\/\/www.briantes.fr\/index.php\/2021\/02\/19\/avis-de-travaux-delagage-a-compter-du-22-fevrier-2021\/\"]}]},{\"@type\":\"BreadcrumbList\",\"@id\":\"https:\/\/www.briantes.fr\/index.php\/2021\/02\/19\/avis-de-travaux-delagage-a-compter-du-22-fevrier-2021\/#breadcrumb\",\"itemListElement\":[{\"@type\":\"ListItem\",\"position\":1,\"name\":\"Accueil\",\"item\":\"https:\/\/www.briantes.fr\/\"},{\"@type\":\"ListItem\",\"position\":2,\"name\":\"AVIS DE TRAVAUX D&rsquo;ELAGAGE \u00e0 compter du 22 f\u00e9vrier 2021\"}]},{\"@type\":\"WebSite\",\"@id\":\"https:\/\/www.briantes.fr\/#website\",\"url\":\"https:\/\/www.briantes.fr\/\",\"name\":\"Ville de Briantes\",\"description\":\"Site officiel\",\"publisher\":{\"@id\":\"https:\/\/www.briantes.fr\/#organization\"},\"potentialAction\":[{\"@type\":\"SearchAction\",\"target\":{\"@type\":\"EntryPoint\",\"urlTemplate\":\"https:\/\/www.briantes.fr\/?s={search_term_string}\"},\"query-input\":\"required name=search_term_string\"}],\"inLanguage\":\"fr-FR\"},{\"@type\":\"Organization\",\"@id\":\"https:\/\/www.briantes.fr\/#organization\",\"name\":\"Mairie de Briantes\",\"url\":\"https:\/\/www.briantes.fr\/\",\"logo\":{\"@type\":\"ImageObject\",\"inLanguage\":\"fr-FR\",\"@id\":\"https:\/\/www.briantes.fr\/#\/schema\/logo\/image\/\",\"url\":\"https:\/\/i0.wp.com\/www.briantes.fr\/wp-content\/uploads\/2019\/01\/Logo-briantes-mini-sd.jpg?fit=200%2C48&ssl=1\",\"contentUrl\":\"https:\/\/i0.wp.com\/www.briantes.fr\/wp-content\/uploads\/2019\/01\/Logo-briantes-mini-sd.jpg?fit=200%2C48&ssl=1\",\"width\":200,\"height\":48,\"caption\":\"Mairie de Briantes\"},\"image\":{\"@id\":\"https:\/\/www.briantes.fr\/#\/schema\/logo\/image\/\"},\"sameAs\":[\"https:\/\/www.facebook.com\/villebriantes\/\"]},{\"@type\":\"Person\",\"@id\":\"https:\/\/www.briantes.fr\/#\/schema\/person\/ae2ef164155ec763bf43acb3c7f6b260\",\"name\":\"Admin\"}]}<\/script>\n<!-- \/ Yoast SEO plugin. -->","yoast_head_json":{"title":"AVIS DE TRAVAUX D'ELAGAGE \u00e0 compter du 22 f\u00e9vrier 2021 - Ville de Briantes","robots":{"index":"index","follow":"follow","max-snippet":"max-snippet:-1","max-image-preview":"max-image-preview:large","max-video-preview":"max-video-preview:-1"},"canonical":"https:\/\/www.briantes.fr\/index.php\/2021\/02\/19\/avis-de-travaux-delagage-a-compter-du-22-fevrier-2021\/","og_locale":"fr_FR","og_type":"article","og_title":"AVIS DE TRAVAUX D'ELAGAGE \u00e0 compter du 22 f\u00e9vrier 2021 - Ville de Briantes","og_description":"doc20210219155428_002.pdf","og_url":"https:\/\/www.briantes.fr\/index.php\/2021\/02\/19\/avis-de-travaux-delagage-a-compter-du-22-fevrier-2021\/","og_site_name":"Ville de Briantes","article_publisher":"https:\/\/www.facebook.com\/villebriantes\/","article_published_time":"2021-02-19T14:57:36+00:00","article_modified_time":"2021-03-05T09:18:57+00:00","og_image":[{"width":1024,"height":768,"url":"https:\/\/i0.wp.com\/www.briantes.fr\/wp-content\/uploads\/2020\/03\/Au-quotidien.001.jpeg?fit=1024%2C768&ssl=1","type":"image\/jpeg"}],"author":"Admin","twitter_card":"summary_large_image","twitter_misc":{"\u00c9crit par":"Admin"},"schema":{"@context":"https:\/\/schema.org","@graph":[{"@type":"Article","@id":"https:\/\/www.briantes.fr\/index.php\/2021\/02\/19\/avis-de-travaux-delagage-a-compter-du-22-fevrier-2021\/#article","isPartOf":{"@id":"https:\/\/www.briantes.fr\/index.php\/2021\/02\/19\/avis-de-travaux-delagage-a-compter-du-22-fevrier-2021\/"},"author":{"name":"Admin","@id":"https:\/\/www.briantes.fr\/#\/schema\/person\/ae2ef164155ec763bf43acb3c7f6b260"},"headline":"AVIS DE TRAVAUX D&rsquo;ELAGAGE \u00e0 compter du 22 f\u00e9vrier 2021","datePublished":"2021-02-19T14:57:36+00:00","dateModified":"2021-03-05T09:18:57+00:00","mainEntityOfPage":{"@id":"https:\/\/www.briantes.fr\/index.php\/2021\/02\/19\/avis-de-travaux-delagage-a-compter-du-22-fevrier-2021\/"},"wordCount":11,"commentCount":0,"publisher":{"@id":"https:\/\/www.briantes.fr\/#organization"},"articleSection":["Actualit\u00e9s","Environnement","Urgent"],"inLanguage":"fr-FR","potentialAction":[{"@type":"CommentAction","name":"Comment","target":["https:\/\/www.briantes.fr\/index.php\/2021\/02\/19\/avis-de-travaux-delagage-a-compter-du-22-fevrier-2021\/#respond"]}]},{"@type":"WebPage","@id":"https:\/\/www.briantes.fr\/index.php\/2021\/02\/19\/avis-de-travaux-delagage-a-compter-du-22-fevrier-2021\/","url":"https:\/\/www.briantes.fr\/index.php\/2021\/02\/19\/avis-de-travaux-delagage-a-compter-du-22-fevrier-2021\/","name":"AVIS DE TRAVAUX D'ELAGAGE \u00e0 compter du 22 f\u00e9vrier 2021 - Ville de Briantes","isPartOf":{"@id":"https:\/\/www.briantes.fr\/#website"},"datePublished":"2021-02-19T14:57:36+00:00","dateModified":"2021-03-05T09:18:57+00:00","breadcrumb":{"@id":"https:\/\/www.briantes.fr\/index.php\/2021\/02\/19\/avis-de-travaux-delagage-a-compter-du-22-fevrier-2021\/#breadcrumb"},"inLanguage":"fr-FR","potentialAction":[{"@type":"ReadAction","target":["https:\/\/www.briantes.fr\/index.php\/2021\/02\/19\/avis-de-travaux-delagage-a-compter-du-22-fevrier-2021\/"]}]},{"@type":"BreadcrumbList","@id":"https:\/\/www.briantes.fr\/index.php\/2021\/02\/19\/avis-de-travaux-delagage-a-compter-du-22-fevrier-2021\/#breadcrumb","itemListElement":[{"@type":"ListItem","position":1,"name":"Accueil","item":"https:\/\/www.briantes.fr\/"},{"@type":"ListItem","position":2,"name":"AVIS DE TRAVAUX D&rsquo;ELAGAGE \u00e0 compter du 22 f\u00e9vrier 2021"}]},{"@type":"WebSite","@id":"https:\/\/www.briantes.fr\/#website","url":"https:\/\/www.briantes.fr\/","name":"Ville de Briantes","description":"Site officiel","publisher":{"@id":"https:\/\/www.briantes.fr\/#organization"},"potentialAction":[{"@type":"SearchAction","target":{"@type":"EntryPoint","urlTemplate":"https:\/\/www.briantes.fr\/?s={search_term_string}"},"query-input":"required name=search_term_string"}],"inLanguage":"fr-FR"},{"@type":"Organization","@id":"https:\/\/www.briantes.fr\/#organization","name":"Mairie de Briantes","url":"https:\/\/www.briantes.fr\/","logo":{"@type":"ImageObject","inLanguage":"fr-FR","@id":"https:\/\/www.briantes.fr\/#\/schema\/logo\/image\/","url":"https:\/\/i0.wp.com\/www.briantes.fr\/wp-content\/uploads\/2019\/01\/Logo-briantes-mini-sd.jpg?fit=200%2C48&ssl=1","contentUrl":"https:\/\/i0.wp.com\/www.briantes.fr\/wp-content\/uploads\/2019\/01\/Logo-briantes-mini-sd.jpg?fit=200%2C48&ssl=1","width":200,"height":48,"caption":"Mairie de Briantes"},"image":{"@id":"https:\/\/www.briantes.fr\/#\/schema\/logo\/image\/"},"sameAs":["https:\/\/www.facebook.com\/villebriantes\/"]},{"@type":"Person","@id":"https:\/\/www.briantes.fr\/#\/schema\/person\/ae2ef164155ec763bf43acb3c7f6b260","name":"Admin"}]}},"jetpack_featured_media_url":"https:\/\/i0.wp.com\/www.briantes.fr\/wp-content\/uploads\/2020\/03\/Au-quotidien.001.jpeg?fit=1024%2C768&ssl=1","jetpack_sharing_enabled":true,"jetpack_shortlink":"https:\/\/wp.me\/p9GCCX-NF","jetpack_likes_enabled":true,"jetpack-related-posts":[{"id":2976,"url":"https:\/\/www.briantes.fr\/index.php\/2020\/09\/03\/etat-de-catastrophe-naturelle-orage-du-10-mai-2020\/","url_meta":{"origin":3079,"position":0},"title":"ETAT DE CATASTROPHE NATURELLE orage du 10 mai 2020","author":"Admin","date":"3 septembre 2020","format":false,"excerpt":"Suite \u00e0 la parution de l'arr\u00eat\u00e9 du 27 juillet 2020 au journal officiel du 3 septembre 2020, concernant l'ETAT DE CATASTROPHE NATURELLE pour inondations et coul\u00e9es de boue concernant l'orage du 10 mai 2020, veuillez pr\u00e9senter votre dossier (courrier, photos...) directement \u00e0 votre compagnie d'assurance imp\u00e9rativement avant le 13 septembre\u2026","rel":"","context":"Dans &quot;Actualit\u00e9s&quot;","block_context":{"text":"Actualit\u00e9s","link":"https:\/\/www.briantes.fr\/index.php\/category\/actualites\/"},"img":{"alt_text":"","src":"https:\/\/i0.wp.com\/www.briantes.fr\/wp-content\/uploads\/2020\/05\/nature-sky-night-atmosphere-weather-storm-725473-pxhere.com_.jpg?fit=800%2C530&ssl=1&resize=350%2C200","width":350,"height":200,"srcset":"https:\/\/i0.wp.com\/www.briantes.fr\/wp-content\/uploads\/2020\/05\/nature-sky-night-atmosphere-weather-storm-725473-pxhere.com_.jpg?fit=800%2C530&ssl=1&resize=350%2C200 1x, https:\/\/i0.wp.com\/www.briantes.fr\/wp-content\/uploads\/2020\/05\/nature-sky-night-atmosphere-weather-storm-725473-pxhere.com_.jpg?fit=800%2C530&ssl=1&resize=525%2C300 1.5x, https:\/\/i0.wp.com\/www.briantes.fr\/wp-content\/uploads\/2020\/05\/nature-sky-night-atmosphere-weather-storm-725473-pxhere.com_.jpg?fit=800%2C530&ssl=1&resize=700%2C400 2x"},"classes":[]},{"id":3358,"url":"https:\/\/www.briantes.fr\/index.php\/2022\/09\/19\/le-nouveau-calendrier-de-collecte-des-ordures-menageres-et-de-tri-et-les-nouvelles-consignes-de-tri-a-compter-du-1er-octobre-sont-disponibles-en-mairie\/","url_meta":{"origin":3079,"position":1},"title":"Le nouveau calendrier de collecte des ordures m\u00e9nag\u00e8res et de tri, et les nouvelles consignes de tri, \u00e0 compter du 1er octobre, sont\u00a0 disponibles en mairie!!","author":"Admin","date":"19 septembre 2022","format":false,"excerpt":"","rel":"","context":"Dans &quot;Actualit\u00e9s&quot;","block_context":{"text":"Actualit\u00e9s","link":"https:\/\/www.briantes.fr\/index.php\/category\/actualites\/"},"img":{"alt_text":"","src":"https:\/\/i0.wp.com\/www.briantes.fr\/wp-content\/uploads\/2022\/09\/calendrier-tri-scaled.jpg?fit=1200%2C848&ssl=1&resize=350%2C200","width":350,"height":200,"srcset":"https:\/\/i0.wp.com\/www.briantes.fr\/wp-content\/uploads\/2022\/09\/calendrier-tri-scaled.jpg?fit=1200%2C848&ssl=1&resize=350%2C200 1x, https:\/\/i0.wp.com\/www.briantes.fr\/wp-content\/uploads\/2022\/09\/calendrier-tri-scaled.jpg?fit=1200%2C848&ssl=1&resize=525%2C300 1.5x, https:\/\/i0.wp.com\/www.briantes.fr\/wp-content\/uploads\/2022\/09\/calendrier-tri-scaled.jpg?fit=1200%2C848&ssl=1&resize=700%2C400 2x, https:\/\/i0.wp.com\/www.briantes.fr\/wp-content\/uploads\/2022\/09\/calendrier-tri-scaled.jpg?fit=1200%2C848&ssl=1&resize=1050%2C600 3x"},"classes":[]},{"id":2452,"url":"https:\/\/www.briantes.fr\/index.php\/2019\/03\/03\/du-nouveau-a-briantes\/","url_meta":{"origin":3079,"position":2},"title":"Du nouveau \u00e0 Briantes","author":"Admin","date":"3 mars 2019","format":false,"excerpt":"D\u00e9couvrez le foyer socio-culturel, les rues s\u00e9curis\u00e9es, les nouvelles informations et les nouveaux services de Briantes","rel":"","context":"Dans &quot;Actualit\u00e9s&quot;","block_context":{"text":"Actualit\u00e9s","link":"https:\/\/www.briantes.fr\/index.php\/category\/actualites\/"},"img":{"alt_text":"","src":"https:\/\/i0.wp.com\/www.briantes.fr\/wp-content\/uploads\/2019\/03\/Briantes-nouveaut\u00e9s-2019.jpg?fit=1024%2C768&ssl=1&resize=350%2C200","width":350,"height":200,"srcset":"https:\/\/i0.wp.com\/www.briantes.fr\/wp-content\/uploads\/2019\/03\/Briantes-nouveaut\u00e9s-2019.jpg?fit=1024%2C768&ssl=1&resize=350%2C200 1x, https:\/\/i0.wp.com\/www.briantes.fr\/wp-content\/uploads\/2019\/03\/Briantes-nouveaut\u00e9s-2019.jpg?fit=1024%2C768&ssl=1&resize=525%2C300 1.5x, https:\/\/i0.wp.com\/www.briantes.fr\/wp-content\/uploads\/2019\/03\/Briantes-nouveaut\u00e9s-2019.jpg?fit=1024%2C768&ssl=1&resize=700%2C400 2x"},"classes":[]},{"id":3068,"url":"https:\/\/www.briantes.fr\/index.php\/2021\/01\/14\/permanence-pour-les-bacs-a-ordures-menageres-en-fevrier-2021\/","url_meta":{"origin":3079,"position":3},"title":"PERMANENCE POUR LES BACS A ORDURES MENAGERES EN FEVRIER 2021","author":"Admin","date":"14 janvier 2021","format":false,"excerpt":"","rel":"","context":"Dans &quot;Actualit\u00e9s&quot;","block_context":{"text":"Actualit\u00e9s","link":"https:\/\/www.briantes.fr\/index.php\/category\/actualites\/"},"img":{"alt_text":"","src":"https:\/\/i0.wp.com\/www.briantes.fr\/wp-content\/uploads\/2021\/01\/doc20210114101922_001-scaled.jpg?fit=848%2C1200&ssl=1&resize=350%2C200","width":350,"height":200,"srcset":"https:\/\/i0.wp.com\/www.briantes.fr\/wp-content\/uploads\/2021\/01\/doc20210114101922_001-scaled.jpg?fit=848%2C1200&ssl=1&resize=350%2C200 1x, https:\/\/i0.wp.com\/www.briantes.fr\/wp-content\/uploads\/2021\/01\/doc20210114101922_001-scaled.jpg?fit=848%2C1200&ssl=1&resize=525%2C300 1.5x, https:\/\/i0.wp.com\/www.briantes.fr\/wp-content\/uploads\/2021\/01\/doc20210114101922_001-scaled.jpg?fit=848%2C1200&ssl=1&resize=700%2C400 2x"},"classes":[]},{"id":2958,"url":"https:\/\/www.briantes.fr\/index.php\/2020\/07\/16\/etat-de-catastrophe-naturelle-pour-mouvements-de-terrain-suite-a-la-secheresse-et-a-la-rehydratation-des-sols-pour-lannee-2019\/","url_meta":{"origin":3079,"position":4},"title":"ETAT DE CATASTROPHE NATURELLE pour mouvements de terrain suite \u00e0 la s\u00e9cheresse et \u00e0 la r\u00e9hydratation des sols pour l&rsquo;ann\u00e9e 2019","author":"Admin","date":"16 juillet 2020","format":false,"excerpt":"Suite \u00e0 la parution de l'arr\u00eat\u00e9 du 17 juin 2020 au journal officiel du 10 juillet 2020, concernant l'ETAT\u00a0DE\u00a0CATASTROPHE\u00a0NATURELLE\u00a0pour\u00a0mouvements\u00a0de\u00a0terrain\u00a0suite\u00a0\u00e0\u00a0la\u00a0s\u00e9cheresse\u00a0et\u00a0\u00e0\u00a0la\u00a0r\u00e9hydratation\u00a0des\u00a0sols\u00a0pour\u00a0l'ann\u00e9e\u00a02019 veuillez pr\u00e9senter votre dossier directement avec votre compagnie d'assurance avant le 19 juillet 2020. CP-Catastrophe-naturelle.pdf","rel":"","context":"Dans &quot;Actualit\u00e9s&quot;","block_context":{"text":"Actualit\u00e9s","link":"https:\/\/www.briantes.fr\/index.php\/category\/actualites\/"},"img":{"alt_text":"","src":"https:\/\/i0.wp.com\/www.briantes.fr\/wp-content\/uploads\/2020\/03\/Au-quotidien.001.jpeg?fit=1024%2C768&ssl=1&resize=350%2C200","width":350,"height":200,"srcset":"https:\/\/i0.wp.com\/www.briantes.fr\/wp-content\/uploads\/2020\/03\/Au-quotidien.001.jpeg?fit=1024%2C768&ssl=1&resize=350%2C200 1x, https:\/\/i0.wp.com\/www.briantes.fr\/wp-content\/uploads\/2020\/03\/Au-quotidien.001.jpeg?fit=1024%2C768&ssl=1&resize=525%2C300 1.5x, https:\/\/i0.wp.com\/www.briantes.fr\/wp-content\/uploads\/2020\/03\/Au-quotidien.001.jpeg?fit=1024%2C768&ssl=1&resize=700%2C400 2x"},"classes":[]},{"id":3195,"url":"https:\/\/www.briantes.fr\/index.php\/2021\/04\/19\/compte-rendu-du-conseil-municipal-du-22-mars-2021\/","url_meta":{"origin":3079,"position":5},"title":"COMPTE-RENDU DU CONSEIL MUNICIPAL DU 22 MARS 2021","author":"Admin","date":"19 avril 2021","format":false,"excerpt":"CR-22.03.2021.pdf","rel":"","context":"Dans &quot;Actualit\u00e9s&quot;","block_context":{"text":"Actualit\u00e9s","link":"https:\/\/www.briantes.fr\/index.php\/category\/actualites\/"},"img":{"alt_text":"","src":"https:\/\/i0.wp.com\/www.briantes.fr\/wp-content\/uploads\/2020\/03\/Au-quotidien.001.jpeg?fit=1024%2C768&ssl=1&resize=350%2C200","width":350,"height":200,"srcset":"https:\/\/i0.wp.com\/www.briantes.fr\/wp-content\/uploads\/2020\/03\/Au-quotidien.001.jpeg?fit=1024%2C768&ssl=1&resize=350%2C200 1x, https:\/\/i0.wp.com\/www.briantes.fr\/wp-content\/uploads\/2020\/03\/Au-quotidien.001.jpeg?fit=1024%2C768&ssl=1&resize=525%2C300 1.5x, https:\/\/i0.wp.com\/www.briantes.fr\/wp-content\/uploads\/2020\/03\/Au-quotidien.001.jpeg?fit=1024%2C768&ssl=1&resize=700%2C400 2x"},"classes":[]}],"_links":{"self":[{"href":"https:\/\/www.briantes.fr\/index.php\/wp-json\/wp\/v2\/posts\/3079"}],"collection":[{"href":"https:\/\/www.briantes.fr\/index.php\/wp-json\/wp\/v2\/posts"}],"about":[{"href":"https:\/\/www.briantes.fr\/index.php\/wp-json\/wp\/v2\/types\/post"}],"author":[{"embeddable":true,"href":"https:\/\/www.briantes.fr\/index.php\/wp-json\/wp\/v2\/users\/1"}],"replies":[{"embeddable":true,"href":"https:\/\/www.briantes.fr\/index.php\/wp-json\/wp\/v2\/comments?post=3079"}],"version-history":[{"count":0,"href":"https:\/\/www.briantes.fr\/index.php\/wp-json\/wp\/v2\/posts\/3079\/revisions"}],"wp:featuredmedia":[{"embeddable":true,"href":"https:\/\/www.briantes.fr\/index.php\/wp-json\/wp\/v2\/media\/2853"}],"wp:attachment":[{"href":"https:\/\/www.briantes.fr\/index.php\/wp-json\/wp\/v2\/media?parent=3079"}],"wp:term":[{"taxonomy":"category","embeddable":true,"href":"https:\/\/www.briantes.fr\/index.php\/wp-json\/wp\/v2\/categories?post=3079"},{"taxonomy":"post_tag","embeddable":true,"href":"https:\/\/www.briantes.fr\/index.php\/wp-json\/wp\/v2\/tags?post=3079"}],"curies":[{"name":"wp","href":"https:\/\/api.w.org\/{rel}","templated":true}]}}